{"id":1657,"date":"2021-02-14T20:37:28","date_gmt":"2021-02-14T19:37:28","guid":{"rendered":"https:\/\/panochrome.fr\/fr\/?p=1657"},"modified":"2021-02-14T20:43:32","modified_gmt":"2021-02-14T19:43:32","slug":"grand-paris-express-gare-eole-la-defense","status":"publish","type":"post","link":"https:\/\/panochrome.fr\/fr\/2021\/02\/14\/grand-paris-express-gare-eole-la-defense\/","title":{"rendered":"Grand Paris Express &#8211; Gare Eole La D\u00e9fense"},"content":{"rendered":"\n<p>Panoramas r\u00e9alis\u00e9s lors de la visite en f\u00e9vrier 2021 du chantier Eole de la future gare RER sous le CNIT \u00e0 La D\u00e9fense. La premi\u00e8re s\u00e9rie de panoramas r\u00e9alis\u00e9e \u00e0 l&rsquo;\u00e9t\u00e9 2019 permettait de voir les travaux de reprise en sous oeuvre, avant le terrassement de la gare, ceux de f\u00e9vrier 2021 montrent l&rsquo;ensemble du volume de la gare terrass\u00e9. Les panoramas sont donc pris 27m plus bas que pr\u00e9c\u00e9demment.<\/p>\n\n\n\n<p><\/p>\n\n\n\n<p>Ce chantier est exceptionnel de par ses m\u00e9thodes constructives et ses dimensions. <\/p>\n\n\n\n<div class=\"wp-block-image\"><figure class=\"aligncenter size-large is-resized\"><img loading=\"lazy\" decoding=\"async\" src=\"https:\/\/panochrome.fr\/fr\/wp-content\/uploads\/2021\/02\/genie-civil-souterrain-eole-cnit-cathedrale-imp-1024x512.jpg\" alt=\"\" class=\"wp-image-1648\" width=\"512\" height=\"256\" srcset=\"https:\/\/panochrome.fr\/fr\/wp-content\/uploads\/2021\/02\/genie-civil-souterrain-eole-cnit-cathedrale-imp-1024x512.jpg 1024w, https:\/\/panochrome.fr\/fr\/wp-content\/uploads\/2021\/02\/genie-civil-souterrain-eole-cnit-cathedrale-imp-300x150.jpg 300w, https:\/\/panochrome.fr\/fr\/wp-content\/uploads\/2021\/02\/genie-civil-souterrain-eole-cnit-cathedrale-imp-768x384.jpg 768w, https:\/\/panochrome.fr\/fr\/wp-content\/uploads\/2021\/02\/genie-civil-souterrain-eole-cnit-cathedrale-imp-1536x768.jpg 1536w, https:\/\/panochrome.fr\/fr\/wp-content\/uploads\/2021\/02\/genie-civil-souterrain-eole-cnit-cathedrale-imp.jpg 1600w\" sizes=\"auto, (max-width: 512px) 100vw, 512px\" \/><figcaption><a href=\"https:\/\/www.panochrome.fr\/panoramas\/genie_civil\/eole_defense\/cnit\/eole-cathedrale\/index.html\" data-type=\"URL\" data-id=\"https:\/\/www.panochrome.fr\/panoramas\/genie_civil\/eole_defense\/cnit\/eole-cathedrale\/index.html\" target=\"_blank\" rel=\"noreferrer noopener\">La Cath\u00e9drale Eole<\/a><\/figcaption><\/figure><\/div>\n\n\n\n<div class=\"wp-block-image\"><figure class=\"aligncenter size-large is-resized\"><img loading=\"lazy\" decoding=\"async\" src=\"https:\/\/panochrome.fr\/fr\/wp-content\/uploads\/2021\/02\/genie-civil-souterrain-eole-cnit-correspondance-rer-a-1024x512.jpg\" alt=\"\" class=\"wp-image-1650\" width=\"512\" height=\"256\" srcset=\"https:\/\/panochrome.fr\/fr\/wp-content\/uploads\/2021\/02\/genie-civil-souterrain-eole-cnit-correspondance-rer-a-1024x512.jpg 1024w, https:\/\/panochrome.fr\/fr\/wp-content\/uploads\/2021\/02\/genie-civil-souterrain-eole-cnit-correspondance-rer-a-300x150.jpg 300w, https:\/\/panochrome.fr\/fr\/wp-content\/uploads\/2021\/02\/genie-civil-souterrain-eole-cnit-correspondance-rer-a-768x384.jpg 768w, https:\/\/panochrome.fr\/fr\/wp-content\/uploads\/2021\/02\/genie-civil-souterrain-eole-cnit-correspondance-rer-a-1536x768.jpg 1536w, https:\/\/panochrome.fr\/fr\/wp-content\/uploads\/2021\/02\/genie-civil-souterrain-eole-cnit-correspondance-rer-a.jpg 1600w\" sizes=\"auto, (max-width: 512px) 100vw, 512px\" \/><figcaption><a href=\"https:\/\/www.panochrome.fr\/panoramas\/genie_civil\/eole_defense\/cnit\/eole-correspondance-rer-a\/index.html\" target=\"_blank\" rel=\"noreferrer noopener\">Future correspondance vers le RER A<\/a><\/figcaption><\/figure><\/div>\n\n\n\n<div class=\"wp-block-image\"><figure class=\"aligncenter size-large is-resized\"><img loading=\"lazy\" decoding=\"async\" src=\"https:\/\/panochrome.fr\/fr\/wp-content\/uploads\/2021\/02\/genie-civil-souterrain-eole-cnit-radier-1024x512.jpg\" alt=\"\" class=\"wp-image-1651\" width=\"512\" height=\"256\" srcset=\"https:\/\/panochrome.fr\/fr\/wp-content\/uploads\/2021\/02\/genie-civil-souterrain-eole-cnit-radier-1024x512.jpg 1024w, https:\/\/panochrome.fr\/fr\/wp-content\/uploads\/2021\/02\/genie-civil-souterrain-eole-cnit-radier-300x150.jpg 300w, https:\/\/panochrome.fr\/fr\/wp-content\/uploads\/2021\/02\/genie-civil-souterrain-eole-cnit-radier-768x384.jpg 768w, https:\/\/panochrome.fr\/fr\/wp-content\/uploads\/2021\/02\/genie-civil-souterrain-eole-cnit-radier-1536x768.jpg 1536w, https:\/\/panochrome.fr\/fr\/wp-content\/uploads\/2021\/02\/genie-civil-souterrain-eole-cnit-radier.jpg 1600w\" sizes=\"auto, (max-width: 512px) 100vw, 512px\" \/><figcaption><a href=\"https:\/\/www.panochrome.fr\/panoramas\/genie_civil\/eole_defense\/cnit\/eole-radier\/index.html\" target=\"_blank\" rel=\"noreferrer noopener\">Ferraillage du radier de la gare<\/a><\/figcaption><\/figure><\/div>\n\n\n\n<div class=\"wp-block-image\"><figure class=\"aligncenter size-large is-resized\"><img loading=\"lazy\" decoding=\"async\" src=\"https:\/\/panochrome.fr\/fr\/wp-content\/uploads\/2021\/02\/genie-civil-souterrain-eole-cnit-entree-tunnel-1024x512.jpg\" alt=\"\" class=\"wp-image-1649\" width=\"512\" height=\"256\" srcset=\"https:\/\/panochrome.fr\/fr\/wp-content\/uploads\/2021\/02\/genie-civil-souterrain-eole-cnit-entree-tunnel-1024x512.jpg 1024w, https:\/\/panochrome.fr\/fr\/wp-content\/uploads\/2021\/02\/genie-civil-souterrain-eole-cnit-entree-tunnel-300x150.jpg 300w, https:\/\/panochrome.fr\/fr\/wp-content\/uploads\/2021\/02\/genie-civil-souterrain-eole-cnit-entree-tunnel-768x384.jpg 768w, https:\/\/panochrome.fr\/fr\/wp-content\/uploads\/2021\/02\/genie-civil-souterrain-eole-cnit-entree-tunnel-1536x768.jpg 1536w, https:\/\/panochrome.fr\/fr\/wp-content\/uploads\/2021\/02\/genie-civil-souterrain-eole-cnit-entree-tunnel.jpg 1600w\" sizes=\"auto, (max-width: 512px) 100vw, 512px\" \/><figcaption><a href=\"https:\/\/www.panochrome.fr\/panoramas\/genie_civil\/eole_defense\/cnit\/eole-entree-tunnel\/index.html\" target=\"_blank\" rel=\"noreferrer noopener\">Arriv\u00e9e d&rsquo;un tunnel RER dans la gare<\/a><\/figcaption><\/figure><\/div>\n\n\n\n<p><\/p>\n","protected":false},"excerpt":{"rendered":"<p>Panoramas r\u00e9alis\u00e9s lors de la visite en f\u00e9vrier 2021 du chantier Eole de la future gare RER sous le CNIT \u00e0 La D\u00e9fense. La premi\u00e8re s\u00e9rie de panoramas r\u00e9alis\u00e9e \u00e0 l&rsquo;\u00e9t\u00e9 2019 permettait de voir les travaux de reprise en sous oeuvre, avant le terrassement de la gare, ceux de f\u00e9vrier 2021 montrent l&rsquo;ensemble du [&hellip;]<\/p>\n","protected":false},"author":1,"featured_media":0,"comment_status":"closed","ping_status":"open","sticky":false,"template":"","format":"standard","meta":{"_uag_custom_page_level_css":"","advgb_blocks_editor_width":"","advgb_blocks_columns_visual_guide":"","footnotes":""},"categories":[4],"tags":[],"class_list":["post-1657","post","type-post","status-publish","format-standard","hentry","category-panorama"],"author_meta":{"display_name":"Etienne","author_link":"https:\/\/panochrome.fr\/fr\/author\/edgeat51-wp\/"},"featured_img":null,"uagb_featured_image_src":{"full":false,"thumbnail":false,"medium":false,"medium_large":false,"large":false,"1536x1536":false,"2048x2048":false},"uagb_author_info":{"display_name":"Etienne","author_link":"https:\/\/panochrome.fr\/fr\/author\/edgeat51-wp\/"},"uagb_comment_info":0,"uagb_excerpt":"Panoramas r\u00e9alis\u00e9s lors de la visite en f\u00e9vrier 2021 du chantier Eole de la future gare RER sous le CNIT \u00e0 La D\u00e9fense. La premi\u00e8re s\u00e9rie de panoramas r\u00e9alis\u00e9e \u00e0 l&rsquo;\u00e9t\u00e9 2019 permettait de voir les travaux de reprise en sous oeuvre, avant le terrassement de la gare, ceux de f\u00e9vrier 2021 montrent l&rsquo;ensemble du\u2026","coauthors":[],"tax_additional":{"categories":{"linked":["<a href=\"https:\/\/panochrome.fr\/fr\/category\/panorama\/\" class=\"advgb-post-tax-term\">panorama<\/a>"],"unlinked":["<span class=\"advgb-post-tax-term\">panorama<\/span>"]}},"comment_count":"0","relative_dates":{"created":"Publi\u00e9 5 ans il y a","modified":"Mis \u00e0 jour 5 ans il y a"},"absolute_dates":{"created":"Publi\u00e9 le 14 f\u00e9vrier 2021","modified":"Mise \u00e0 jour le 14 f\u00e9vrier 2021"},"absolute_dates_time":{"created":"Publi\u00e9 le 14 f\u00e9vrier 2021 20 h 37 min","modified":"Mise \u00e0 jour le 14 f\u00e9vrier 2021 20 h 43 min"},"featured_img_caption":"","series_order":"","_links":{"self":[{"href":"https:\/\/panochrome.fr\/fr\/wp-json\/wp\/v2\/posts\/1657","targetHints":{"allow":["GET"]}}],"collection":[{"href":"https:\/\/panochrome.fr\/fr\/wp-json\/wp\/v2\/posts"}],"about":[{"href":"https:\/\/panochrome.fr\/fr\/wp-json\/wp\/v2\/types\/post"}],"author":[{"embeddable":true,"href":"https:\/\/panochrome.fr\/fr\/wp-json\/wp\/v2\/users\/1"}],"replies":[{"embeddable":true,"href":"https:\/\/panochrome.fr\/fr\/wp-json\/wp\/v2\/comments?post=1657"}],"version-history":[{"count":8,"href":"https:\/\/panochrome.fr\/fr\/wp-json\/wp\/v2\/posts\/1657\/revisions"}],"predecessor-version":[{"id":1666,"href":"https:\/\/panochrome.fr\/fr\/wp-json\/wp\/v2\/posts\/1657\/revisions\/1666"}],"wp:attachment":[{"href":"https:\/\/panochrome.fr\/fr\/wp-json\/wp\/v2\/media?parent=1657"}],"wp:term":[{"taxonomy":"category","embeddable":true,"href":"https:\/\/panochrome.fr\/fr\/wp-json\/wp\/v2\/categories?post=1657"},{"taxonomy":"post_tag","embeddable":true,"href":"https:\/\/panochrome.fr\/fr\/wp-json\/wp\/v2\/tags?post=1657"}],"curies":[{"name":"wp","href":"https:\/\/api.w.org\/{rel}","templated":true}]}}