{"id":1639,"date":"2020-07-13T18:44:04","date_gmt":"2020-07-13T16:44:04","guid":{"rendered":"https:\/\/panochrome.fr\/fr\/?p=1639"},"modified":"2020-07-14T09:37:29","modified_gmt":"2020-07-14T07:37:29","slug":"paris-leve-de-soleil","status":"publish","type":"post","link":"https:\/\/panochrome.fr\/fr\/2020\/07\/13\/paris-leve-de-soleil\/","title":{"rendered":"Paris &#8211; Lev\u00e9 de soleil"},"content":{"rendered":"\n<p>Promenade matinale sur Paris, entre 6h30 et 7h30 du matin en juillet 2020. Vues de la Butte Montmartre et du Canal Saint Martin.<\/p>\n\n\n\n<div class=\"wp-block-image\"><figure class=\"aligncenter size-large is-resized\"><a href=\"https:\/\/www.panochrome.fr\/panoramas\/france\/paris\/montmartre-leve-soleil\/index.html\" target=\"_blank\" rel=\"noreferrer noopener\"><img loading=\"lazy\" decoding=\"async\" src=\"https:\/\/panochrome.fr\/fr\/wp-content\/uploads\/2020\/07\/paris-butte-montmartre-leve-soleil-1-1024x512.jpg\" alt=\"\" class=\"wp-image-1633\" width=\"512\" height=\"256\" srcset=\"https:\/\/panochrome.fr\/fr\/wp-content\/uploads\/2020\/07\/paris-butte-montmartre-leve-soleil-1-1024x512.jpg 1024w, https:\/\/panochrome.fr\/fr\/wp-content\/uploads\/2020\/07\/paris-butte-montmartre-leve-soleil-1-300x150.jpg 300w, https:\/\/panochrome.fr\/fr\/wp-content\/uploads\/2020\/07\/paris-butte-montmartre-leve-soleil-1-768x384.jpg 768w, https:\/\/panochrome.fr\/fr\/wp-content\/uploads\/2020\/07\/paris-butte-montmartre-leve-soleil-1-1536x768.jpg 1536w, https:\/\/panochrome.fr\/fr\/wp-content\/uploads\/2020\/07\/paris-butte-montmartre-leve-soleil-1.jpg 1600w\" sizes=\"auto, (max-width: 512px) 100vw, 512px\" \/><\/a><figcaption><a href=\"https:\/\/www.panochrome.fr\/panoramas\/france\/paris\/montmartre-leve-soleil\/index.html\" target=\"_blank\" rel=\"noreferrer noopener\">Rue du Chevalier de la Barre<\/a><\/figcaption><\/figure><\/div>\n\n\n\n<div class=\"wp-block-image\"><figure class=\"aligncenter size-large is-resized\"><a href=\"https:\/\/www.panochrome.fr\/panoramas\/france\/paris\/montmartre-escalier\/index.html\" target=\"_blank\" rel=\"noreferrer noopener\"><img loading=\"lazy\" decoding=\"async\" src=\"https:\/\/panochrome.fr\/fr\/wp-content\/uploads\/2020\/07\/paris-butte-montmartre-escalier-1024x512.jpg\" alt=\"\" class=\"wp-image-1622\" width=\"512\" height=\"256\" srcset=\"https:\/\/panochrome.fr\/fr\/wp-content\/uploads\/2020\/07\/paris-butte-montmartre-escalier-1024x512.jpg 1024w, https:\/\/panochrome.fr\/fr\/wp-content\/uploads\/2020\/07\/paris-butte-montmartre-escalier-300x150.jpg 300w, https:\/\/panochrome.fr\/fr\/wp-content\/uploads\/2020\/07\/paris-butte-montmartre-escalier-768x384.jpg 768w, https:\/\/panochrome.fr\/fr\/wp-content\/uploads\/2020\/07\/paris-butte-montmartre-escalier-1536x768.jpg 1536w, https:\/\/panochrome.fr\/fr\/wp-content\/uploads\/2020\/07\/paris-butte-montmartre-escalier.jpg 1600w\" sizes=\"auto, (max-width: 512px) 100vw, 512px\" \/><\/a><figcaption><a href=\"https:\/\/www.panochrome.fr\/panoramas\/france\/paris\/montmartre-escalier\/index.html\" target=\"_blank\" rel=\"noreferrer noopener\">Lev\u00e9 de soleil Butte Montmartre<\/a><\/figcaption><\/figure><\/div>\n\n\n\n<div class=\"wp-block-image\"><figure class=\"aligncenter size-large is-resized\"><a href=\"https:\/\/www.panochrome.fr\/panoramas\/france\/paris\/montmartre-rue_du_mont_cenis\/index.html\" target=\"_blank\" rel=\"noreferrer noopener\"><img loading=\"lazy\" decoding=\"async\" src=\"https:\/\/panochrome.fr\/fr\/wp-content\/uploads\/2020\/07\/paris-rue-du-mont-cenis-1024x512.jpg\" alt=\"\" class=\"wp-image-1625\" width=\"512\" height=\"256\" srcset=\"https:\/\/panochrome.fr\/fr\/wp-content\/uploads\/2020\/07\/paris-rue-du-mont-cenis-1024x512.jpg 1024w, https:\/\/panochrome.fr\/fr\/wp-content\/uploads\/2020\/07\/paris-rue-du-mont-cenis-300x150.jpg 300w, https:\/\/panochrome.fr\/fr\/wp-content\/uploads\/2020\/07\/paris-rue-du-mont-cenis-768x384.jpg 768w, https:\/\/panochrome.fr\/fr\/wp-content\/uploads\/2020\/07\/paris-rue-du-mont-cenis-1536x768.jpg 1536w, https:\/\/panochrome.fr\/fr\/wp-content\/uploads\/2020\/07\/paris-rue-du-mont-cenis.jpg 1600w\" sizes=\"auto, (max-width: 512px) 100vw, 512px\" \/><\/a><figcaption><a href=\"https:\/\/www.panochrome.fr\/panoramas\/france\/paris\/montmartre-rue_du_mont_cenis\/index.html\" target=\"_blank\" rel=\"noreferrer noopener\">Rue du Mont Cenis<\/a><\/figcaption><\/figure><\/div>\n\n\n\n<div class=\"wp-block-image\"><figure class=\"aligncenter size-large is-resized\"><a href=\"https:\/\/www.panochrome.fr\/panoramas\/france\/paris\/passerelle-bichat\/index.html\" target=\"_blank\" rel=\"noreferrer noopener\"><img loading=\"lazy\" decoding=\"async\" src=\"https:\/\/panochrome.fr\/fr\/wp-content\/uploads\/2020\/07\/paris-passerelle-bichat-1024x512.jpg\" alt=\"\" class=\"wp-image-1624\" width=\"512\" height=\"256\" srcset=\"https:\/\/panochrome.fr\/fr\/wp-content\/uploads\/2020\/07\/paris-passerelle-bichat-1024x512.jpg 1024w, https:\/\/panochrome.fr\/fr\/wp-content\/uploads\/2020\/07\/paris-passerelle-bichat-300x150.jpg 300w, https:\/\/panochrome.fr\/fr\/wp-content\/uploads\/2020\/07\/paris-passerelle-bichat-768x384.jpg 768w, https:\/\/panochrome.fr\/fr\/wp-content\/uploads\/2020\/07\/paris-passerelle-bichat-1536x768.jpg 1536w, https:\/\/panochrome.fr\/fr\/wp-content\/uploads\/2020\/07\/paris-passerelle-bichat.jpg 1600w\" sizes=\"auto, (max-width: 512px) 100vw, 512px\" \/><\/a><figcaption><a href=\"https:\/\/panochrome.fr\/panoramas\/europe\/royaume-uni\/uk-londres-china_town\/index.htmlhttps:\/\/www.panochrome.fr\/panoramas\/france\/paris\/passerelle-bichat\/index.html\" target=\"_blank\" rel=\"noreferrer noopener\">Passerelle Bichat<\/a><\/figcaption><\/figure><\/div>\n\n\n\n<p><\/p>\n","protected":false},"excerpt":{"rendered":"<p>Promenade matinale sur Paris, entre 6h30 et 7h30 du matin en juillet 2020. Vues de la Butte Montmartre et du Canal Saint Martin.<\/p>\n","protected":false},"author":1,"featured_media":0,"comment_status":"closed","ping_status":"open","sticky":false,"template":"","format":"standard","meta":{"_uag_custom_page_level_css":"","advgb_blocks_editor_width":"","advgb_blocks_columns_visual_guide":"","footnotes":""},"categories":[4],"tags":[],"class_list":["post-1639","post","type-post","status-publish","format-standard","hentry","category-panorama"],"author_meta":{"display_name":"Etienne","author_link":"https:\/\/panochrome.fr\/fr\/author\/edgeat51-wp\/"},"featured_img":null,"uagb_featured_image_src":{"full":false,"thumbnail":false,"medium":false,"medium_large":false,"large":false,"1536x1536":false,"2048x2048":false},"uagb_author_info":{"display_name":"Etienne","author_link":"https:\/\/panochrome.fr\/fr\/author\/edgeat51-wp\/"},"uagb_comment_info":0,"uagb_excerpt":"Promenade matinale sur Paris, entre 6h30 et 7h30 du matin en juillet 2020. Vues de la Butte Montmartre et du Canal Saint Martin.","coauthors":[],"tax_additional":{"categories":{"linked":["<a href=\"https:\/\/panochrome.fr\/fr\/category\/panorama\/\" class=\"advgb-post-tax-term\">panorama<\/a>"],"unlinked":["<span class=\"advgb-post-tax-term\">panorama<\/span>"]}},"comment_count":"0","relative_dates":{"created":"Publi\u00e9 6 ans il y a","modified":"Mis \u00e0 jour 6 ans il y a"},"absolute_dates":{"created":"Publi\u00e9 le 13 juillet 2020","modified":"Mise \u00e0 jour le 14 juillet 2020"},"absolute_dates_time":{"created":"Publi\u00e9 le 13 juillet 2020 18 h 44 min","modified":"Mise \u00e0 jour le 14 juillet 2020 9 h 37 min"},"featured_img_caption":"","series_order":"","_links":{"self":[{"href":"https:\/\/panochrome.fr\/fr\/wp-json\/wp\/v2\/posts\/1639","targetHints":{"allow":["GET"]}}],"collection":[{"href":"https:\/\/panochrome.fr\/fr\/wp-json\/wp\/v2\/posts"}],"about":[{"href":"https:\/\/panochrome.fr\/fr\/wp-json\/wp\/v2\/types\/post"}],"author":[{"embeddable":true,"href":"https:\/\/panochrome.fr\/fr\/wp-json\/wp\/v2\/users\/1"}],"replies":[{"embeddable":true,"href":"https:\/\/panochrome.fr\/fr\/wp-json\/wp\/v2\/comments?post=1639"}],"version-history":[{"count":6,"href":"https:\/\/panochrome.fr\/fr\/wp-json\/wp\/v2\/posts\/1639\/revisions"}],"predecessor-version":[{"id":1646,"href":"https:\/\/panochrome.fr\/fr\/wp-json\/wp\/v2\/posts\/1639\/revisions\/1646"}],"wp:attachment":[{"href":"https:\/\/panochrome.fr\/fr\/wp-json\/wp\/v2\/media?parent=1639"}],"wp:term":[{"taxonomy":"category","embeddable":true,"href":"https:\/\/panochrome.fr\/fr\/wp-json\/wp\/v2\/categories?post=1639"},{"taxonomy":"post_tag","embeddable":true,"href":"https:\/\/panochrome.fr\/fr\/wp-json\/wp\/v2\/tags?post=1639"}],"curies":[{"name":"wp","href":"https:\/\/api.w.org\/{rel}","templated":true}]}}