{"id":1545,"date":"2019-08-25T13:48:53","date_gmt":"2019-08-25T11:48:53","guid":{"rendered":"https:\/\/panochrome.fr\/fr\/?p=1545"},"modified":"2019-08-25T13:48:54","modified_gmt":"2019-08-25T11:48:54","slug":"parc-des-buttes-chaumont","status":"publish","type":"post","link":"https:\/\/panochrome.fr\/fr\/2019\/08\/25\/parc-des-buttes-chaumont\/","title":{"rendered":"Parc des Buttes Chaumont"},"content":{"rendered":"\n<p>Panoramas r\u00e9alis\u00e9s lors d&rsquo;une ballade \u00e0 Paris, en ao\u00fbt 2019. Utilisation pour la premi\u00e8re fois du rotator de la t\u00eate panoramique Nodal Nija III pour prendre en photo le nadir.<\/p>\n\n\n\n<div class=\"wp-block-image\"><figure class=\"aligncenter is-resized\"><a href=\"https:\/\/panochrome.fr\/panoramas\/france\/paris\/buttes_chaumont\/buttes-chaumont_belvedere\/\" target=\"_blank\" rel=\"noreferrer noopener\"><img loading=\"lazy\" decoding=\"async\" src=\"https:\/\/panochrome.fr\/fr\/wp-content\/uploads\/2019\/08\/paris-buttes-chaumont_belvedere-1024x512.jpg\" alt=\"\" class=\"wp-image-1542\" width=\"512\" height=\"256\" srcset=\"https:\/\/panochrome.fr\/fr\/wp-content\/uploads\/2019\/08\/paris-buttes-chaumont_belvedere-1024x512.jpg 1024w, https:\/\/panochrome.fr\/fr\/wp-content\/uploads\/2019\/08\/paris-buttes-chaumont_belvedere-300x150.jpg 300w, https:\/\/panochrome.fr\/fr\/wp-content\/uploads\/2019\/08\/paris-buttes-chaumont_belvedere-768x384.jpg 768w, https:\/\/panochrome.fr\/fr\/wp-content\/uploads\/2019\/08\/paris-buttes-chaumont_belvedere.jpg 1600w\" sizes=\"auto, (max-width: 512px) 100vw, 512px\" \/><\/a><figcaption><a href=\"https:\/\/panochrome.fr\/panoramas\/france\/paris\/buttes_chaumont\/buttes-chaumont_belvedere\/\" target=\"_blank\" rel=\"noreferrer noopener\" aria-label=\"Belv\u00e9d\u00e8re (s\u2019ouvre dans un nouvel onglet)\">Belv\u00e9d\u00e8re<\/a><\/figcaption><\/figure><\/div>\n\n\n\n<div class=\"wp-block-image\"><figure class=\"aligncenter is-resized\"><a href=\"https:\/\/panochrome.fr\/panoramas\/france\/paris\/buttes_chaumont\/buttes-chaumont_allee_ponts\/\" target=\"_blank\" rel=\"noreferrer noopener\"><img loading=\"lazy\" decoding=\"async\" src=\"https:\/\/panochrome.fr\/fr\/wp-content\/uploads\/2019\/08\/paris-buttes-chaumont_allee_ponts-1024x512.jpg\" alt=\"\" class=\"wp-image-1541\" width=\"512\" height=\"256\" srcset=\"https:\/\/panochrome.fr\/fr\/wp-content\/uploads\/2019\/08\/paris-buttes-chaumont_allee_ponts-1024x512.jpg 1024w, https:\/\/panochrome.fr\/fr\/wp-content\/uploads\/2019\/08\/paris-buttes-chaumont_allee_ponts-300x150.jpg 300w, https:\/\/panochrome.fr\/fr\/wp-content\/uploads\/2019\/08\/paris-buttes-chaumont_allee_ponts-768x384.jpg 768w, https:\/\/panochrome.fr\/fr\/wp-content\/uploads\/2019\/08\/paris-buttes-chaumont_allee_ponts.jpg 1600w\" sizes=\"auto, (max-width: 512px) 100vw, 512px\" \/><\/a><figcaption><a href=\"https:\/\/panochrome.fr\/panoramas\/france\/paris\/buttes_chaumont\/buttes-chaumont_allee_ponts\/\" target=\"_blank\" rel=\"noreferrer noopener\" aria-label=\"All\u00e9e et Ponts (s\u2019ouvre dans un nouvel onglet)\">All\u00e9e et Ponts<\/a><\/figcaption><\/figure><\/div>\n\n\n\n<div class=\"wp-block-image\"><figure class=\"aligncenter is-resized\"><a href=\"https:\/\/panochrome.fr\/panoramas\/france\/paris\/buttes_chaumont\/buttes_chaumont-cascade\/index.html\" target=\"_blank\" rel=\"noreferrer noopener\"><img loading=\"lazy\" decoding=\"async\" src=\"https:\/\/panochrome.fr\/fr\/wp-content\/uploads\/2019\/08\/paris-buttes_chaumont-cascade-1024x512.jpg\" alt=\"\" class=\"wp-image-1540\" width=\"512\" height=\"256\" srcset=\"https:\/\/panochrome.fr\/fr\/wp-content\/uploads\/2019\/08\/paris-buttes_chaumont-cascade-1024x512.jpg 1024w, https:\/\/panochrome.fr\/fr\/wp-content\/uploads\/2019\/08\/paris-buttes_chaumont-cascade-300x150.jpg 300w, https:\/\/panochrome.fr\/fr\/wp-content\/uploads\/2019\/08\/paris-buttes_chaumont-cascade-768x384.jpg 768w, https:\/\/panochrome.fr\/fr\/wp-content\/uploads\/2019\/08\/paris-buttes_chaumont-cascade.jpg 1600w\" sizes=\"auto, (max-width: 512px) 100vw, 512px\" \/><\/a><figcaption><a href=\"https:\/\/panochrome.fr\/panoramas\/france\/paris\/buttes_chaumont\/buttes_chaumont-cascade\/index.html\" target=\"_blank\" rel=\"noreferrer noopener\" aria-label=\"Cascades (s\u2019ouvre dans un nouvel onglet)\">Cascades<\/a><\/figcaption><\/figure><\/div>\n\n\n\n<p><\/p>\n","protected":false},"excerpt":{"rendered":"<p>Panoramas r\u00e9alis\u00e9s lors d&rsquo;une ballade \u00e0 Paris, en ao\u00fbt 2019. Utilisation pour la premi\u00e8re fois du rotator de la t\u00eate panoramique Nodal Nija III pour prendre en photo le nadir.<\/p>\n","protected":false},"author":1,"featured_media":0,"comment_status":"closed","ping_status":"open","sticky":false,"template":"","format":"standard","meta":{"_uag_custom_page_level_css":"","advgb_blocks_editor_width":"","advgb_blocks_columns_visual_guide":"","footnotes":""},"categories":[4],"tags":[],"class_list":["post-1545","post","type-post","status-publish","format-standard","hentry","category-panorama"],"author_meta":{"display_name":"Etienne","author_link":"https:\/\/panochrome.fr\/fr\/author\/edgeat51-wp\/"},"featured_img":null,"uagb_featured_image_src":{"full":false,"thumbnail":false,"medium":false,"medium_large":false,"large":false,"1536x1536":false,"2048x2048":false},"uagb_author_info":{"display_name":"Etienne","author_link":"https:\/\/panochrome.fr\/fr\/author\/edgeat51-wp\/"},"uagb_comment_info":0,"uagb_excerpt":"Panoramas r\u00e9alis\u00e9s lors d&rsquo;une ballade \u00e0 Paris, en ao\u00fbt 2019. Utilisation pour la premi\u00e8re fois du rotator de la t\u00eate panoramique Nodal Nija III pour prendre en photo le nadir.","coauthors":[],"tax_additional":{"categories":{"linked":["<a href=\"https:\/\/panochrome.fr\/fr\/category\/panorama\/\" class=\"advgb-post-tax-term\">panorama<\/a>"],"unlinked":["<span class=\"advgb-post-tax-term\">panorama<\/span>"]}},"comment_count":"0","relative_dates":{"created":"Publi\u00e9 7 ans il y a","modified":"Mis \u00e0 jour 7 ans il y a"},"absolute_dates":{"created":"Publi\u00e9 le 25 ao\u00fbt 2019","modified":"Mise \u00e0 jour le 25 ao\u00fbt 2019"},"absolute_dates_time":{"created":"Publi\u00e9 le 25 ao\u00fbt 2019 13 h 48 min","modified":"Mise \u00e0 jour le 25 ao\u00fbt 2019 13 h 48 min"},"featured_img_caption":"","series_order":"","_links":{"self":[{"href":"https:\/\/panochrome.fr\/fr\/wp-json\/wp\/v2\/posts\/1545","targetHints":{"allow":["GET"]}}],"collection":[{"href":"https:\/\/panochrome.fr\/fr\/wp-json\/wp\/v2\/posts"}],"about":[{"href":"https:\/\/panochrome.fr\/fr\/wp-json\/wp\/v2\/types\/post"}],"author":[{"embeddable":true,"href":"https:\/\/panochrome.fr\/fr\/wp-json\/wp\/v2\/users\/1"}],"replies":[{"embeddable":true,"href":"https:\/\/panochrome.fr\/fr\/wp-json\/wp\/v2\/comments?post=1545"}],"version-history":[{"count":1,"href":"https:\/\/panochrome.fr\/fr\/wp-json\/wp\/v2\/posts\/1545\/revisions"}],"predecessor-version":[{"id":1546,"href":"https:\/\/panochrome.fr\/fr\/wp-json\/wp\/v2\/posts\/1545\/revisions\/1546"}],"wp:attachment":[{"href":"https:\/\/panochrome.fr\/fr\/wp-json\/wp\/v2\/media?parent=1545"}],"wp:term":[{"taxonomy":"category","embeddable":true,"href":"https:\/\/panochrome.fr\/fr\/wp-json\/wp\/v2\/categories?post=1545"},{"taxonomy":"post_tag","embeddable":true,"href":"https:\/\/panochrome.fr\/fr\/wp-json\/wp\/v2\/tags?post=1545"}],"curies":[{"name":"wp","href":"https:\/\/api.w.org\/{rel}","templated":true}]}}