{"id":1279,"date":"2009-07-14T13:19:16","date_gmt":"2009-07-14T11:19:16","guid":{"rendered":"http:\/\/panochrome.fr\/fr\/?p=1279"},"modified":"2019-08-10T13:22:32","modified_gmt":"2019-08-10T11:22:32","slug":"reims-rotatives-du-journal-lunion","status":"publish","type":"post","link":"https:\/\/panochrome.fr\/fr\/2009\/07\/14\/reims-rotatives-du-journal-lunion\/","title":{"rendered":"Reims &#8211; Rotatives du Journal L\u2019Union"},"content":{"rendered":"\n<div class=\"wp-block-image\"><figure class=\"aligncenter is-resized\"><a href=\"http:\/\/www.panochrome.fr\/panoramas\/france\/reims\/journal_lunion\/vue_generale\/vue_generale.html\" target=\"_blank\" rel=\"noreferrer noopener\"><img loading=\"lazy\" decoding=\"async\" src=\"http:\/\/panochrome.fr\/fr\/wp-content\/uploads\/2019\/08\/france-reims-lunion_vue_generale-1024x512.jpg\" alt=\"\" class=\"wp-image-1021\" width=\"512\" height=\"256\" srcset=\"https:\/\/panochrome.fr\/fr\/wp-content\/uploads\/2019\/08\/france-reims-lunion_vue_generale-1024x512.jpg 1024w, https:\/\/panochrome.fr\/fr\/wp-content\/uploads\/2019\/08\/france-reims-lunion_vue_generale-300x150.jpg 300w, https:\/\/panochrome.fr\/fr\/wp-content\/uploads\/2019\/08\/france-reims-lunion_vue_generale-768x384.jpg 768w, https:\/\/panochrome.fr\/fr\/wp-content\/uploads\/2019\/08\/france-reims-lunion_vue_generale.jpg 1600w\" sizes=\"auto, (max-width: 512px) 100vw, 512px\" \/><\/a><\/figure><\/div>\n\n\n\n<p>Et oui, le site n\u2019est pas mort, m\u00eame si cela fait tr\u00e8s longtemps que je n\u2019ai pas mis en ligne un panorama (le dernier \u00e9tant la\u00a0<a href=\"http:\/\/www.panochrome.fr\/panoramas\/france\/paris\/metro_telegraphe\/escalier_telegraphe.html\" target=\"_blank\" rel=\"noreferrer noopener\" aria-label=\" (s\u2019ouvre dans un nouvel onglet)\">Station T\u00e9l\u00e9graphe<\/a>\u00a0le 13 Ao\u00fbt 2008).<\/p>\n\n\n\n<p>Pour ce grand retour, voici 8 panoramas des rotatives du journal l\u2019Union \u00e0 Reims.<\/p>\n\n\n\n<p>En 2008, le groupe GHM a remplac\u00e9 les anciennes rotatives par un ensemble Uniliner. De format 4&#215;1, cette machine est la premi\u00e8re rotative compl\u00e8te de ce type vendue en Europe par Goss International. Dot\u00e9e de six tours 4 Hauteurs, de huit d\u00e9rouleurs et de deux plieuses, elle peut \u00eatre configur\u00e9e pour former une seule ligne de production ou deux machines distinctes.<\/p>\n\n\n\n<p>Le co\u00fbt des rotatives seules est de 11 millions d\u2019euros, auxquels il faut ajouter 12 millions d\u2019euros pour les b\u00e2timents et l\u2019exp\u00e9dition. Ces rotatives permettent de multiplier le nombre de pages en couleur et de tirer jusque 75 000 exemplaires en format tablo\u00efd \u00e0 l\u2019heure.<\/p>\n\n\n\n<p><strong><span style=\"text-decoration: underline;\">Liens \u00e0 consulter:<\/span><\/strong><\/p>\n\n\n\n<ul class=\"wp-block-list\"><li>Site du journal L\u2019Union\u00a0(<a href=\"http:\/\/www.lunion.presse.fr\/\" target=\"_blank\" rel=\"noreferrer noopener\" aria-label=\" (s\u2019ouvre dans un nouvel onglet)\">http:\/\/www.lunion.presse.fr\/<\/a>)<\/li><li>Site de Goss International (<a rel=\"noreferrer noopener\" aria-label=\" (s\u2019ouvre dans un nouvel onglet)\" href=\"http:\/\/www.gossinternational.com\/fr\" target=\"_blank\">http:\/\/www.gossinternational.com\/fr<\/a>)<\/li><\/ul>\n\n\n\n<p><strong><span style=\"text-decoration: underline;\">Ont \u00e9t\u00e9 ajout\u00e9 les panoramas suivants:<\/span><\/strong><\/p>\n\n\n\n<p>Section \u201cFrance\u201d, sous rubrique \u201cReims\u201d:<\/p>\n\n\n\n<ul class=\"wp-block-list\"><li><a rel=\"noreferrer noopener\" aria-label=\" (s\u2019ouvre dans un nouvel onglet)\" href=\"http:\/\/www.panochrome.fr\/panoramas\/france\/reims\/journal_lunion\/stockage_papier\/stockage_papier.html\" target=\"_blank\">Stockage papier<\/a><\/li><li><a rel=\"noreferrer noopener\" aria-label=\" (s\u2019ouvre dans un nouvel onglet)\" href=\"http:\/\/www.panochrome.fr\/panoramas\/france\/reims\/journal_lunion\/commande\/commande.html\" target=\"_blank\">Salle de commande<\/a><\/li><li><a rel=\"noreferrer noopener\" aria-label=\" (s\u2019ouvre dans un nouvel onglet)\" href=\"http:\/\/www.panochrome.fr\/panoramas\/france\/reims\/journal_lunion\/vue_generale\/vue_generale.html\" target=\"_blank\">Vue g\u00e9n\u00e9rale<\/a><\/li><li><a rel=\"noreferrer noopener\" aria-label=\" (s\u2019ouvre dans un nouvel onglet)\" href=\"http:\/\/www.panochrome.fr\/panoramas\/france\/reims\/journal_lunion\/stockage_encre\/stockage_encre.html\" target=\"_blank\">R\u00e9serve d\u2019encre<\/a><\/li><li><a rel=\"noreferrer noopener\" aria-label=\" (s\u2019ouvre dans un nouvel onglet)\" href=\"http:\/\/www.panochrome.fr\/panoramas\/france\/reims\/journal_lunion\/rotative_haut\/rotative_haut.html\" target=\"_blank\">Haut des rotatives<\/a><\/li><li><a rel=\"noreferrer noopener\" aria-label=\" (s\u2019ouvre dans un nouvel onglet)\" href=\"http:\/\/www.panochrome.fr\/panoramas\/france\/reims\/journal_lunion\/interieur_rotative_2e_etage\/interieur_rotative_2e_etage.html\" target=\"_blank\">C\u00f4ne de pliage<\/a><\/li><li><a rel=\"noreferrer noopener\" aria-label=\" (s\u2019ouvre dans un nouvel onglet)\" href=\"http:\/\/www.panochrome.fr\/panoramas\/france\/reims\/journal_lunion\/rotative_bas\/rotative_bas.html\" target=\"_blank\">Vue des engrenages<\/a><\/li><li><a rel=\"noreferrer noopener\" aria-label=\" (s\u2019ouvre dans un nouvel onglet)\" href=\"http:\/\/www.panochrome.fr\/panoramas\/france\/reims\/journal_lunion\/expedition\/expedition.html\" target=\"_blank\">Zone d\u2019exp\u00e9dition<\/a><\/li><\/ul>\n","protected":false},"excerpt":{"rendered":"<p>Et oui, le site n\u2019est pas mort, m\u00eame si cela fait tr\u00e8s longtemps que je n\u2019ai pas mis en ligne un panorama (le dernier \u00e9tant la\u00a0Station T\u00e9l\u00e9graphe\u00a0le 13 Ao\u00fbt 2008). Pour ce grand retour, voici 8 panoramas des rotatives du journal l\u2019Union \u00e0 Reims. En 2008, le groupe GHM a remplac\u00e9 les anciennes rotatives par [&hellip;]<\/p>\n","protected":false},"author":1,"featured_media":0,"comment_status":"closed","ping_status":"open","sticky":false,"template":"","format":"standard","meta":{"_uag_custom_page_level_css":"","advgb_blocks_editor_width":"","advgb_blocks_columns_visual_guide":"","footnotes":""},"categories":[4],"tags":[],"class_list":["post-1279","post","type-post","status-publish","format-standard","hentry","category-panorama"],"author_meta":{"display_name":"Etienne","author_link":"https:\/\/panochrome.fr\/fr\/author\/edgeat51-wp\/"},"featured_img":null,"uagb_featured_image_src":{"full":false,"thumbnail":false,"medium":false,"medium_large":false,"large":false,"1536x1536":false,"2048x2048":false},"uagb_author_info":{"display_name":"Etienne","author_link":"https:\/\/panochrome.fr\/fr\/author\/edgeat51-wp\/"},"uagb_comment_info":0,"uagb_excerpt":"Et oui, le site n\u2019est pas mort, m\u00eame si cela fait tr\u00e8s longtemps que je n\u2019ai pas mis en ligne un panorama (le dernier \u00e9tant la\u00a0Station T\u00e9l\u00e9graphe\u00a0le 13 Ao\u00fbt 2008). Pour ce grand retour, voici 8 panoramas des rotatives du journal l\u2019Union \u00e0 Reims. En 2008, le groupe GHM a remplac\u00e9 les anciennes rotatives par\u2026","coauthors":[],"tax_additional":{"categories":{"linked":["<a href=\"https:\/\/panochrome.fr\/fr\/category\/panorama\/\" class=\"advgb-post-tax-term\">panorama<\/a>"],"unlinked":["<span class=\"advgb-post-tax-term\">panorama<\/span>"]}},"comment_count":"0","relative_dates":{"created":"Publi\u00e9 17 ans il y a","modified":"Mis \u00e0 jour 7 ans il y a"},"absolute_dates":{"created":"Publi\u00e9 le 14 juillet 2009","modified":"Mise \u00e0 jour le 10 ao\u00fbt 2019"},"absolute_dates_time":{"created":"Publi\u00e9 le 14 juillet 2009 13 h 19 min","modified":"Mise \u00e0 jour le 10 ao\u00fbt 2019 13 h 22 min"},"featured_img_caption":"","series_order":"","_links":{"self":[{"href":"https:\/\/panochrome.fr\/fr\/wp-json\/wp\/v2\/posts\/1279","targetHints":{"allow":["GET"]}}],"collection":[{"href":"https:\/\/panochrome.fr\/fr\/wp-json\/wp\/v2\/posts"}],"about":[{"href":"https:\/\/panochrome.fr\/fr\/wp-json\/wp\/v2\/types\/post"}],"author":[{"embeddable":true,"href":"https:\/\/panochrome.fr\/fr\/wp-json\/wp\/v2\/users\/1"}],"replies":[{"embeddable":true,"href":"https:\/\/panochrome.fr\/fr\/wp-json\/wp\/v2\/comments?post=1279"}],"version-history":[{"count":1,"href":"https:\/\/panochrome.fr\/fr\/wp-json\/wp\/v2\/posts\/1279\/revisions"}],"predecessor-version":[{"id":1280,"href":"https:\/\/panochrome.fr\/fr\/wp-json\/wp\/v2\/posts\/1279\/revisions\/1280"}],"wp:attachment":[{"href":"https:\/\/panochrome.fr\/fr\/wp-json\/wp\/v2\/media?parent=1279"}],"wp:term":[{"taxonomy":"category","embeddable":true,"href":"https:\/\/panochrome.fr\/fr\/wp-json\/wp\/v2\/categories?post=1279"},{"taxonomy":"post_tag","embeddable":true,"href":"https:\/\/panochrome.fr\/fr\/wp-json\/wp\/v2\/tags?post=1279"}],"curies":[{"name":"wp","href":"https:\/\/api.w.org\/{rel}","templated":true}]}}