{"id":1259,"date":"2010-01-17T12:44:53","date_gmt":"2010-01-17T11:44:53","guid":{"rendered":"http:\/\/panochrome.fr\/fr\/?p=1259"},"modified":"2019-08-12T09:58:01","modified_gmt":"2019-08-12T07:58:01","slug":"autoportrait","status":"publish","type":"post","link":"https:\/\/panochrome.fr\/fr\/2010\/01\/17\/autoportrait\/","title":{"rendered":"Autoportrait"},"content":{"rendered":"\n<div class=\"wp-block-image\"><figure class=\"aligncenter is-resized\"><a href=\"http:\/\/www.panochrome.fr\/panoramas\/divers\/autoportrait\/autoportrait.html\" target=\"_blank\" rel=\"noreferrer noopener\"><img loading=\"lazy\" decoding=\"async\" src=\"http:\/\/panochrome.fr\/fr\/wp-content\/uploads\/2019\/08\/divers-inclassable-autoportrait-1024x512.jpg\" alt=\"\" class=\"wp-image-1162\" width=\"512\" height=\"256\" srcset=\"https:\/\/panochrome.fr\/fr\/wp-content\/uploads\/2019\/08\/divers-inclassable-autoportrait-1024x512.jpg 1024w, https:\/\/panochrome.fr\/fr\/wp-content\/uploads\/2019\/08\/divers-inclassable-autoportrait-300x150.jpg 300w, https:\/\/panochrome.fr\/fr\/wp-content\/uploads\/2019\/08\/divers-inclassable-autoportrait-768x384.jpg 768w, https:\/\/panochrome.fr\/fr\/wp-content\/uploads\/2019\/08\/divers-inclassable-autoportrait.jpg 1600w\" sizes=\"auto, (max-width: 512px) 100vw, 512px\" \/><\/a><\/figure><\/div>\n\n\n\n<p>Alors OUI, c\u2019est moche et NON, je ne ressemble pas \u00e0 \u00e7a en vrai :0D<br><br>J\u2019ai r\u00e9alis\u00e9 ce panorama pour le d\u00e9fi de janvier lanc\u00e9 sur le site\u00a0<a href=\"http:\/\/www.panophoto.org\/\" target=\"_blank\" rel=\"noreferrer noopener\" aria-label=\" (s\u2019ouvre dans un nouvel onglet)\">www.panophoto.org<\/a>\u00a0J\u2019ai vu pour la premi\u00e8re fois ce type d\u2019assemblage sur les forums d\u2019Autopano (<a rel=\"noreferrer noopener\" aria-label=\" (s\u2019ouvre dans un nouvel onglet)\" href=\"http:\/\/www.autopano.net\/forum\/t2586-a-3d-portrait\" target=\"_blank\">ICI<\/a>).<br><\/p>\n\n\n\n<p>Ce que j\u2019aime dans cette image, c\u2019est qu\u2019elle donne toute la t\u00eate sur une seule photo. Autant avec les paysage la vision d\u00e9form\u00e9e ne g\u00eane pas trop, autant ici cette repr\u00e9sentation est vraiment d\u00e9routante, voir d\u00e9rangeante.<br><\/p>\n\n\n\n<p>J\u2019ai mis un lien vers une version sph\u00e9rique, m\u00eame si je pr\u00e9f\u00e8re grandement la version \u00e0 plat.<\/p>\n","protected":false},"excerpt":{"rendered":"<p>Alors OUI, c\u2019est moche et NON, je ne ressemble pas \u00e0 \u00e7a en vrai :0D J\u2019ai r\u00e9alis\u00e9 ce panorama pour le d\u00e9fi de janvier lanc\u00e9 sur le site\u00a0www.panophoto.org\u00a0J\u2019ai vu pour la premi\u00e8re fois ce type d\u2019assemblage sur les forums d\u2019Autopano (ICI). Ce que j\u2019aime dans cette image, c\u2019est qu\u2019elle donne toute la t\u00eate sur une [&hellip;]<\/p>\n","protected":false},"author":1,"featured_media":0,"comment_status":"closed","ping_status":"open","sticky":false,"template":"","format":"standard","meta":{"_uag_custom_page_level_css":"","advgb_blocks_editor_width":"","advgb_blocks_columns_visual_guide":"","footnotes":""},"categories":[4],"tags":[],"class_list":["post-1259","post","type-post","status-publish","format-standard","hentry","category-panorama"],"author_meta":{"display_name":"Etienne","author_link":"https:\/\/panochrome.fr\/fr\/author\/edgeat51-wp\/"},"featured_img":null,"uagb_featured_image_src":{"full":false,"thumbnail":false,"medium":false,"medium_large":false,"large":false,"1536x1536":false,"2048x2048":false},"uagb_author_info":{"display_name":"Etienne","author_link":"https:\/\/panochrome.fr\/fr\/author\/edgeat51-wp\/"},"uagb_comment_info":0,"uagb_excerpt":"Alors OUI, c\u2019est moche et NON, je ne ressemble pas \u00e0 \u00e7a en vrai :0D J\u2019ai r\u00e9alis\u00e9 ce panorama pour le d\u00e9fi de janvier lanc\u00e9 sur le site\u00a0www.panophoto.org\u00a0J\u2019ai vu pour la premi\u00e8re fois ce type d\u2019assemblage sur les forums d\u2019Autopano (ICI). Ce que j\u2019aime dans cette image, c\u2019est qu\u2019elle donne toute la t\u00eate sur une\u2026","coauthors":[],"tax_additional":{"categories":{"linked":["<a href=\"https:\/\/panochrome.fr\/fr\/category\/panorama\/\" class=\"advgb-post-tax-term\">panorama<\/a>"],"unlinked":["<span class=\"advgb-post-tax-term\">panorama<\/span>"]}},"comment_count":"0","relative_dates":{"created":"Publi\u00e9 16 ans il y a","modified":"Mis \u00e0 jour 7 ans il y a"},"absolute_dates":{"created":"Publi\u00e9 le 17 janvier 2010","modified":"Mise \u00e0 jour le 12 ao\u00fbt 2019"},"absolute_dates_time":{"created":"Publi\u00e9 le 17 janvier 2010 12 h 44 min","modified":"Mise \u00e0 jour le 12 ao\u00fbt 2019 9 h 58 min"},"featured_img_caption":"","series_order":"","_links":{"self":[{"href":"https:\/\/panochrome.fr\/fr\/wp-json\/wp\/v2\/posts\/1259","targetHints":{"allow":["GET"]}}],"collection":[{"href":"https:\/\/panochrome.fr\/fr\/wp-json\/wp\/v2\/posts"}],"about":[{"href":"https:\/\/panochrome.fr\/fr\/wp-json\/wp\/v2\/types\/post"}],"author":[{"embeddable":true,"href":"https:\/\/panochrome.fr\/fr\/wp-json\/wp\/v2\/users\/1"}],"replies":[{"embeddable":true,"href":"https:\/\/panochrome.fr\/fr\/wp-json\/wp\/v2\/comments?post=1259"}],"version-history":[{"count":2,"href":"https:\/\/panochrome.fr\/fr\/wp-json\/wp\/v2\/posts\/1259\/revisions"}],"predecessor-version":[{"id":1261,"href":"https:\/\/panochrome.fr\/fr\/wp-json\/wp\/v2\/posts\/1259\/revisions\/1261"}],"wp:attachment":[{"href":"https:\/\/panochrome.fr\/fr\/wp-json\/wp\/v2\/media?parent=1259"}],"wp:term":[{"taxonomy":"category","embeddable":true,"href":"https:\/\/panochrome.fr\/fr\/wp-json\/wp\/v2\/categories?post=1259"},{"taxonomy":"post_tag","embeddable":true,"href":"https:\/\/panochrome.fr\/fr\/wp-json\/wp\/v2\/tags?post=1259"}],"curies":[{"name":"wp","href":"https:\/\/api.w.org\/{rel}","templated":true}]}}